{"id":2983,"date":"2020-03-03T11:23:08","date_gmt":"2020-03-03T10:23:08","guid":{"rendered":"https:\/\/tiger-platform.eu\/2020\/03\/03\/le-moustique-tigre-sinvite-a-erstein\/"},"modified":"2020-03-17T13:52:57","modified_gmt":"2020-03-17T12:52:57","slug":"le-moustique-tigre-sinvite-a-erstein","status":"publish","type":"post","link":"https:\/\/tiger-platform.eu\/de\/2020\/03\/03\/le-moustique-tigre-sinvite-a-erstein\/","title":{"rendered":"TIGER ist in Erstein!"},"content":{"rendered":"<div class=\"translated_text\">Die Asiatische Tigerm\u00fccken steht in der Oberrheinregion unter \u00dcberwachung.<\/div>\n<div><\/div>\n<div class=\"translated_text\">Seit den 1990er Jahren w\u00e4chst die Population der Tigerm\u00fccke in Europa und traf 2014 in der Oberrheinregion ein. Sie ist nicht nur eine besonders stechwillige aggressive Art gegen\u00fcber dem Menschen, sondern kann auch als Vektor fungieren (Dengue, Chikungunya. . . ). Seit 2018 entwickelt das trinationale Netzwerk von Wissenschaftlern (TIGER) gemeinsame Aktionen, um diese Stechm\u00fccke besser zu verstehen.<\/div>\n<div><\/div>\n<div class=\"translated_text\">Veranstaltungsort: ERSTEIN &#8211; IFSI Amphitheater &#8211; 2 Rue de la laine &#8211; 19. 30 Uhr Referent: Herr Dr. Bruno MATHIEU, Entomologe am Institut f\u00fcr Parasitologie und tropische Pathologie und Koordinator des INTERREG V Oberrhein-&#8220;TIGER&#8221;-Projekts in Stra\u00dfburg.<\/div>\n","protected":false},"excerpt":{"rendered":"<p>Die Asiatische Tigerm\u00fccken steht in der Oberrheinregion unter \u00dcberwachung. Seit den 1990er Jahren w\u00e4chst die Population der Tigerm\u00fccke in Europa und traf 2014 in der Oberrheinregion ein. Sie ist nicht nur eine besonders stechwillige aggressive Art gegen\u00fcber dem Menschen, sondern kann auch als Vektor fungieren (Dengue, Chikungunya. . . ). Seit 2018 entwickelt das trinationale Netzwerk von Wissenschaftlern (TIGER) gemeinsame Aktionen, um diese Stechm\u00fccke besser zu verstehen. Veranstaltungsort: ERSTEIN &#8211; &#8230;<\/p>\n","protected":false},"author":8,"featured_media":1726,"comment_status":"closed","ping_status":"open","sticky":false,"template":"","format":"standard","meta":[],"categories":[10,4],"tags":[],"yoast_head":"<!-- This site is optimized with the Yoast SEO plugin v15.4 - https:\/\/yoast.com\/wordpress\/plugins\/seo\/ -->\n<title>TIGER ist in Erstein! - TIGER<\/title>\n<meta name=\"description\" content=\"Die Asiatische Tigerm\u00fccken steht in der Oberrheinregion unter \u00dcberwachung.\" \/>\n<meta name=\"robots\" content=\"index, follow, max-snippet:-1, max-image-preview:large, max-video-preview:-1\" \/>\n<link rel=\"canonical\" href=\"https:\/\/tiger-platform.eu\/de\/2020\/03\/03\/le-moustique-tigre-sinvite-a-erstein\/\" \/>\n<meta property=\"og:locale\" content=\"de_DE\" \/>\n<meta property=\"og:type\" content=\"article\" \/>\n<meta property=\"og:title\" content=\"TIGER ist in Erstein! - TIGER\" \/>\n<meta property=\"og:description\" content=\"Die Asiatische Tigerm\u00fccken steht in der Oberrheinregion unter \u00dcberwachung.\" \/>\n<meta property=\"og:url\" content=\"https:\/\/tiger-platform.eu\/de\/2020\/03\/03\/le-moustique-tigre-sinvite-a-erstein\/\" \/>\n<meta property=\"og:site_name\" content=\"TIGER\" \/>\n<meta property=\"article:published_time\" content=\"2020-03-03T10:23:08+00:00\" \/>\n<meta property=\"article:modified_time\" content=\"2020-03-17T12:52:57+00:00\" \/>\n<meta property=\"og:image\" content=\"https:\/\/tiger-platform.eu\/wp-content\/uploads\/2019\/02\/Aedes-albopictus-JPEG-TIGER-5.jpg\" \/>\n\t<meta property=\"og:image:width\" content=\"1920\" \/>\n\t<meta property=\"og:image:height\" content=\"1280\" \/>\n<meta name=\"twitter:card\" content=\"summary_large_image\" \/>\n<meta name=\"twitter:label1\" content=\"Written by\">\n\t<meta name=\"twitter:data1\" content=\"Bruno Mathieu\">\n\t<meta name=\"twitter:label2\" content=\"Est. reading time\">\n\t<meta name=\"twitter:data2\" content=\"0 minutes\">\n<script type=\"application\/ld+json\" class=\"yoast-schema-graph\">{\"@context\":\"https:\/\/schema.org\",\"@graph\":[{\"@type\":\"WebSite\",\"@id\":\"https:\/\/tiger-platform.eu\/#website\",\"url\":\"https:\/\/tiger-platform.eu\/\",\"name\":\"TIGER\",\"description\":\"Informationsplattform \\u00fcber die Asiatische Tigerm\\u00fccke in der Oberrheinregion\",\"potentialAction\":[{\"@type\":\"SearchAction\",\"target\":\"https:\/\/tiger-platform.eu\/?s={search_term_string}\",\"query-input\":\"required name=search_term_string\"}],\"inLanguage\":\"de-DE\"},{\"@type\":\"ImageObject\",\"@id\":\"https:\/\/tiger-platform.eu\/de\/2020\/03\/03\/le-moustique-tigre-sinvite-a-erstein\/#primaryimage\",\"inLanguage\":\"de-DE\",\"url\":\"https:\/\/tiger-platform.eu\/wp-content\/uploads\/2019\/02\/Aedes-albopictus-JPEG-TIGER-5.jpg\",\"width\":1920,\"height\":1280},{\"@type\":\"WebPage\",\"@id\":\"https:\/\/tiger-platform.eu\/de\/2020\/03\/03\/le-moustique-tigre-sinvite-a-erstein\/#webpage\",\"url\":\"https:\/\/tiger-platform.eu\/de\/2020\/03\/03\/le-moustique-tigre-sinvite-a-erstein\/\",\"name\":\"TIGER ist in Erstein! - TIGER\",\"isPartOf\":{\"@id\":\"https:\/\/tiger-platform.eu\/#website\"},\"primaryImageOfPage\":{\"@id\":\"https:\/\/tiger-platform.eu\/de\/2020\/03\/03\/le-moustique-tigre-sinvite-a-erstein\/#primaryimage\"},\"datePublished\":\"2020-03-03T10:23:08+00:00\",\"dateModified\":\"2020-03-17T12:52:57+00:00\",\"author\":{\"@id\":\"https:\/\/tiger-platform.eu\/#\/schema\/person\/47084be1ebffbe4ed1f5de451fde9f52\"},\"description\":\"Die Asiatische Tigerm\\u00fccken steht in der Oberrheinregion unter \\u00dcberwachung.\",\"inLanguage\":\"de-DE\",\"potentialAction\":[{\"@type\":\"ReadAction\",\"target\":[\"https:\/\/tiger-platform.eu\/de\/2020\/03\/03\/le-moustique-tigre-sinvite-a-erstein\/\"]}]},{\"@type\":\"Person\",\"@id\":\"https:\/\/tiger-platform.eu\/#\/schema\/person\/47084be1ebffbe4ed1f5de451fde9f52\",\"name\":\"Bruno Mathieu\"}]}<\/script>\n<!-- \/ Yoast SEO plugin. -->","_links":{"self":[{"href":"https:\/\/tiger-platform.eu\/de\/wp-json\/wp\/v2\/posts\/2983"}],"collection":[{"href":"https:\/\/tiger-platform.eu\/de\/wp-json\/wp\/v2\/posts"}],"about":[{"href":"https:\/\/tiger-platform.eu\/de\/wp-json\/wp\/v2\/types\/post"}],"author":[{"embeddable":true,"href":"https:\/\/tiger-platform.eu\/de\/wp-json\/wp\/v2\/users\/8"}],"replies":[{"embeddable":true,"href":"https:\/\/tiger-platform.eu\/de\/wp-json\/wp\/v2\/comments?post=2983"}],"version-history":[{"count":2,"href":"https:\/\/tiger-platform.eu\/de\/wp-json\/wp\/v2\/posts\/2983\/revisions"}],"predecessor-version":[{"id":2994,"href":"https:\/\/tiger-platform.eu\/de\/wp-json\/wp\/v2\/posts\/2983\/revisions\/2994"}],"wp:featuredmedia":[{"embeddable":true,"href":"https:\/\/tiger-platform.eu\/de\/wp-json\/wp\/v2\/media\/1726"}],"wp:attachment":[{"href":"https:\/\/tiger-platform.eu\/de\/wp-json\/wp\/v2\/media?parent=2983"}],"wp:term":[{"taxonomy":"category","embeddable":true,"href":"https:\/\/tiger-platform.eu\/de\/wp-json\/wp\/v2\/categories?post=2983"},{"taxonomy":"post_tag","embeddable":true,"href":"https:\/\/tiger-platform.eu\/de\/wp-json\/wp\/v2\/tags?post=2983"}],"curies":[{"name":"wp","href":"https:\/\/api.w.org\/{rel}","templated":true}]}}